{"id":9114,"date":"2024-07-10T16:43:18","date_gmt":"2024-07-10T15:43:18","guid":{"rendered":"https:\/\/ginjer-am.com\/?p=9114"},"modified":"2024-07-15T16:48:37","modified_gmt":"2024-07-15T15:48:37","slug":"webinaire-du-9-juillet-2024-le-jour-dapres-ou-serez-vous","status":"publish","type":"post","link":"https:\/\/ginjer-am.com\/en\/news\/webinaire-du-9-juillet-2024-le-jour-dapres-ou-serez-vous\/","title":{"rendered":"Webinaire du 9 juillet 2024 &#8211; Le jour d&#8217;apr\u00e8s : o\u00f9 serez-vous?"},"content":{"rendered":"<div style=\"width: 1080px;\" class=\"wp-video\"><video class=\"wp-video-shortcode\" id=\"video-9114-1\" width=\"1080\" height=\"608\" preload=\"metadata\" controls=\"controls\"><source type=\"video\/mp4\" src=\"https:\/\/ginjer-am.com\/wp-content\/uploads\/2024\/07\/Webinaire-du-9-juillet-2024.mp4?_=1\" \/><a href=\"https:\/\/ginjer-am.com\/wp-content\/uploads\/2024\/07\/Webinaire-du-9-juillet-2024.mp4\">https:\/\/ginjer-am.com\/wp-content\/uploads\/2024\/07\/Webinaire-du-9-juillet-2024.mp4<\/a><\/video><\/div>\n","protected":false},"excerpt":{"rendered":"","protected":false},"author":8,"featured_media":9116,"comment_status":"closed","ping_status":"closed","sticky":false,"template":"","format":"video","meta":{"_et_pb_use_builder":"","_et_pb_old_content":"","_et_gb_content_width":"","_monsterinsights_skip_tracking":false,"_monsterinsights_sitenote_active":false,"_monsterinsights_sitenote_note":"","_monsterinsights_sitenote_category":0,"footnotes":""},"categories":[108,49],"tags":[],"class_list":["post-9114","post","type-post","status-publish","format-video","has-post-thumbnail","hentry","category-2024-news","category-news","post_format-post-format-video"],"yoast_head":"<!-- This site is optimized with the Yoast SEO plugin v27.4 - https:\/\/yoast.com\/product\/yoast-seo-wordpress\/ -->\n<title>Webinaire du 9 juillet 2024 - Le jour d&#039;apr\u00e8s : o\u00f9 serez-vous? - Ginjer<\/title>\n<meta name=\"description\" content=\"Avant des cong\u00e9s estivaux bien m\u00e9rit\u00e9s, nous souhaitions vous proposer une conf\u00e9rence Zoom pour vous donner le cap que nous suivons en ces temps troubl\u00e9s. Nous savons o\u00f9 nous serons le jour d\u2019apr\u00e8s, au m\u00eame endroit que le jour d\u2019avant : \u00e0 vos c\u00f4t\u00e9s. Au-del\u00e0 des discussions politiques qui alimentent le quotidien, comme ont pu le faire le Brexit, Trump ou encore la Covid-19 ; nous souhaitions faire un point d\u2019\u00e9tape sur notre gestion et nos convictions.\" \/>\n<meta name=\"robots\" content=\"index, follow, max-snippet:-1, max-image-preview:large, max-video-preview:-1\" \/>\n<link rel=\"canonical\" href=\"https:\/\/ginjer-am.com\/news\/webinaire-du-9-juillet-2024-le-jour-dapres-ou-serez-vous\/\" \/>\n<meta property=\"og:locale\" content=\"en_US\" \/>\n<meta property=\"og:type\" content=\"article\" \/>\n<meta property=\"og:title\" content=\"Webinaire du 9 juillet 2024 - Le jour d&#039;apr\u00e8s : o\u00f9 serez-vous? - Ginjer\" \/>\n<meta property=\"og:description\" content=\"Avant des cong\u00e9s estivaux bien m\u00e9rit\u00e9s, nous souhaitions vous proposer une conf\u00e9rence Zoom pour vous donner le cap que nous suivons en ces temps troubl\u00e9s. Nous savons o\u00f9 nous serons le jour d\u2019apr\u00e8s, au m\u00eame endroit que le jour d\u2019avant : \u00e0 vos c\u00f4t\u00e9s. Au-del\u00e0 des discussions politiques qui alimentent le quotidien, comme ont pu le faire le Brexit, Trump ou encore la Covid-19 ; nous souhaitions faire un point d\u2019\u00e9tape sur notre gestion et nos convictions.\" \/>\n<meta property=\"og:url\" content=\"https:\/\/ginjer-am.com\/news\/webinaire-du-9-juillet-2024-le-jour-dapres-ou-serez-vous\/\" \/>\n<meta property=\"og:site_name\" content=\"Ginjer\" \/>\n<meta property=\"article:published_time\" content=\"2024-07-10T15:43:18+00:00\" \/>\n<meta property=\"article:modified_time\" content=\"2024-07-15T15:48:37+00:00\" \/>\n<meta property=\"og:image\" content=\"https:\/\/ginjer-am.com\/wp-content\/uploads\/2024\/07\/Couv_9072024.jpg\" \/>\n\t<meta property=\"og:image:width\" content=\"1150\" \/>\n\t<meta property=\"og:image:height\" content=\"677\" \/>\n\t<meta property=\"og:image:type\" content=\"image\/jpeg\" \/>\n<meta name=\"author\" content=\"Admin Ginjer\" \/>\n<meta name=\"twitter:card\" content=\"summary_large_image\" \/>\n<meta name=\"twitter:label1\" content=\"Written by\" \/>\n\t<meta name=\"twitter:data1\" content=\"Admin Ginjer\" \/>\n\t<meta name=\"twitter:label2\" content=\"Est. reading time\" \/>\n\t<meta name=\"twitter:data2\" content=\"1 minute\" \/>\n<script type=\"application\/ld+json\" class=\"yoast-schema-graph\">{\"@context\":\"https:\\\/\\\/schema.org\",\"@graph\":[{\"@type\":\"Article\",\"@id\":\"https:\\\/\\\/ginjer-am.com\\\/news\\\/webinaire-du-9-juillet-2024-le-jour-dapres-ou-serez-vous\\\/#article\",\"isPartOf\":{\"@id\":\"https:\\\/\\\/ginjer-am.com\\\/news\\\/webinaire-du-9-juillet-2024-le-jour-dapres-ou-serez-vous\\\/\"},\"author\":{\"name\":\"Admin Ginjer\",\"@id\":\"https:\\\/\\\/ginjer-am.com\\\/#\\\/schema\\\/person\\\/1ee2b9044ef8296acc9586918bf037c2\"},\"headline\":\"Webinaire du 9 juillet 2024 &#8211; Le jour d&#8217;apr\u00e8s : o\u00f9 serez-vous?\",\"datePublished\":\"2024-07-10T15:43:18+00:00\",\"dateModified\":\"2024-07-15T15:48:37+00:00\",\"mainEntityOfPage\":{\"@id\":\"https:\\\/\\\/ginjer-am.com\\\/news\\\/webinaire-du-9-juillet-2024-le-jour-dapres-ou-serez-vous\\\/\"},\"wordCount\":24,\"image\":{\"@id\":\"https:\\\/\\\/ginjer-am.com\\\/news\\\/webinaire-du-9-juillet-2024-le-jour-dapres-ou-serez-vous\\\/#primaryimage\"},\"thumbnailUrl\":\"https:\\\/\\\/ginjer-am.com\\\/wp-content\\\/uploads\\\/2024\\\/07\\\/Couv_9072024.jpg\",\"articleSection\":[\"2024\",\"News\"],\"inLanguage\":\"en-US\"},{\"@type\":\"WebPage\",\"@id\":\"https:\\\/\\\/ginjer-am.com\\\/news\\\/webinaire-du-9-juillet-2024-le-jour-dapres-ou-serez-vous\\\/\",\"url\":\"https:\\\/\\\/ginjer-am.com\\\/news\\\/webinaire-du-9-juillet-2024-le-jour-dapres-ou-serez-vous\\\/\",\"name\":\"Webinaire du 9 juillet 2024 - Le jour d'apr\u00e8s : o\u00f9 serez-vous? - Ginjer\",\"isPartOf\":{\"@id\":\"https:\\\/\\\/ginjer-am.com\\\/#website\"},\"primaryImageOfPage\":{\"@id\":\"https:\\\/\\\/ginjer-am.com\\\/news\\\/webinaire-du-9-juillet-2024-le-jour-dapres-ou-serez-vous\\\/#primaryimage\"},\"image\":{\"@id\":\"https:\\\/\\\/ginjer-am.com\\\/news\\\/webinaire-du-9-juillet-2024-le-jour-dapres-ou-serez-vous\\\/#primaryimage\"},\"thumbnailUrl\":\"https:\\\/\\\/ginjer-am.com\\\/wp-content\\\/uploads\\\/2024\\\/07\\\/Couv_9072024.jpg\",\"datePublished\":\"2024-07-10T15:43:18+00:00\",\"dateModified\":\"2024-07-15T15:48:37+00:00\",\"author\":{\"@id\":\"https:\\\/\\\/ginjer-am.com\\\/#\\\/schema\\\/person\\\/1ee2b9044ef8296acc9586918bf037c2\"},\"description\":\"Avant des cong\u00e9s estivaux bien m\u00e9rit\u00e9s, nous souhaitions vous proposer une conf\u00e9rence Zoom pour vous donner le cap que nous suivons en ces temps troubl\u00e9s. Nous savons o\u00f9 nous serons le jour d\u2019apr\u00e8s, au m\u00eame endroit que le jour d\u2019avant : \u00e0 vos c\u00f4t\u00e9s. Au-del\u00e0 des discussions politiques qui alimentent le quotidien, comme ont pu le faire le Brexit, Trump ou encore la Covid-19 ; nous souhaitions faire un point d\u2019\u00e9tape sur notre gestion et nos convictions.\",\"breadcrumb\":{\"@id\":\"https:\\\/\\\/ginjer-am.com\\\/news\\\/webinaire-du-9-juillet-2024-le-jour-dapres-ou-serez-vous\\\/#breadcrumb\"},\"inLanguage\":\"en-US\",\"potentialAction\":[{\"@type\":\"ReadAction\",\"target\":[\"https:\\\/\\\/ginjer-am.com\\\/news\\\/webinaire-du-9-juillet-2024-le-jour-dapres-ou-serez-vous\\\/\"]}]},{\"@type\":\"ImageObject\",\"inLanguage\":\"en-US\",\"@id\":\"https:\\\/\\\/ginjer-am.com\\\/news\\\/webinaire-du-9-juillet-2024-le-jour-dapres-ou-serez-vous\\\/#primaryimage\",\"url\":\"https:\\\/\\\/ginjer-am.com\\\/wp-content\\\/uploads\\\/2024\\\/07\\\/Couv_9072024.jpg\",\"contentUrl\":\"https:\\\/\\\/ginjer-am.com\\\/wp-content\\\/uploads\\\/2024\\\/07\\\/Couv_9072024.jpg\",\"width\":1150,\"height\":677},{\"@type\":\"BreadcrumbList\",\"@id\":\"https:\\\/\\\/ginjer-am.com\\\/news\\\/webinaire-du-9-juillet-2024-le-jour-dapres-ou-serez-vous\\\/#breadcrumb\",\"itemListElement\":[{\"@type\":\"ListItem\",\"position\":1,\"name\":\"Accueil\",\"item\":\"https:\\\/\\\/ginjer-am.com\\\/en\\\/\"},{\"@type\":\"ListItem\",\"position\":2,\"name\":\"Webinaire du 9 juillet 2024 &#8211; Le jour d&rsquo;apr\u00e8s : o\u00f9 serez-vous?\"}]},{\"@type\":\"WebSite\",\"@id\":\"https:\\\/\\\/ginjer-am.com\\\/#website\",\"url\":\"https:\\\/\\\/ginjer-am.com\\\/\",\"name\":\"Ginjer\",\"description\":\"Un site utilisant WordPress\",\"potentialAction\":[{\"@type\":\"SearchAction\",\"target\":{\"@type\":\"EntryPoint\",\"urlTemplate\":\"https:\\\/\\\/ginjer-am.com\\\/?s={search_term_string}\"},\"query-input\":{\"@type\":\"PropertyValueSpecification\",\"valueRequired\":true,\"valueName\":\"search_term_string\"}}],\"inLanguage\":\"en-US\"},{\"@type\":\"Person\",\"@id\":\"https:\\\/\\\/ginjer-am.com\\\/#\\\/schema\\\/person\\\/1ee2b9044ef8296acc9586918bf037c2\",\"name\":\"Admin Ginjer\",\"image\":{\"@type\":\"ImageObject\",\"inLanguage\":\"en-US\",\"@id\":\"https:\\\/\\\/secure.gravatar.com\\\/avatar\\\/9bfa7f9d833f37fb4fd5bf475f67f42c0de371b4b6feb25c9a1cd1e46fc25e52?s=96&d=mm&r=g\",\"url\":\"https:\\\/\\\/secure.gravatar.com\\\/avatar\\\/9bfa7f9d833f37fb4fd5bf475f67f42c0de371b4b6feb25c9a1cd1e46fc25e52?s=96&d=mm&r=g\",\"contentUrl\":\"https:\\\/\\\/secure.gravatar.com\\\/avatar\\\/9bfa7f9d833f37fb4fd5bf475f67f42c0de371b4b6feb25c9a1cd1e46fc25e52?s=96&d=mm&r=g\",\"caption\":\"Admin Ginjer\"},\"url\":\"https:\\\/\\\/ginjer-am.com\\\/en\\\/author\\\/admin-ginjer\\\/\"}]}<\/script>\n<!-- \/ Yoast SEO plugin. -->","yoast_head_json":{"title":"Webinaire du 9 juillet 2024 - Le jour d'apr\u00e8s : o\u00f9 serez-vous? - Ginjer","description":"Avant des cong\u00e9s estivaux bien m\u00e9rit\u00e9s, nous souhaitions vous proposer une conf\u00e9rence Zoom pour vous donner le cap que nous suivons en ces temps troubl\u00e9s. Nous savons o\u00f9 nous serons le jour d\u2019apr\u00e8s, au m\u00eame endroit que le jour d\u2019avant : \u00e0 vos c\u00f4t\u00e9s. Au-del\u00e0 des discussions politiques qui alimentent le quotidien, comme ont pu le faire le Brexit, Trump ou encore la Covid-19 ; nous souhaitions faire un point d\u2019\u00e9tape sur notre gestion et nos convictions.","robots":{"index":"index","follow":"follow","max-snippet":"max-snippet:-1","max-image-preview":"max-image-preview:large","max-video-preview":"max-video-preview:-1"},"canonical":"https:\/\/ginjer-am.com\/news\/webinaire-du-9-juillet-2024-le-jour-dapres-ou-serez-vous\/","og_locale":"en_US","og_type":"article","og_title":"Webinaire du 9 juillet 2024 - Le jour d'apr\u00e8s : o\u00f9 serez-vous? - Ginjer","og_description":"Avant des cong\u00e9s estivaux bien m\u00e9rit\u00e9s, nous souhaitions vous proposer une conf\u00e9rence Zoom pour vous donner le cap que nous suivons en ces temps troubl\u00e9s. Nous savons o\u00f9 nous serons le jour d\u2019apr\u00e8s, au m\u00eame endroit que le jour d\u2019avant : \u00e0 vos c\u00f4t\u00e9s. Au-del\u00e0 des discussions politiques qui alimentent le quotidien, comme ont pu le faire le Brexit, Trump ou encore la Covid-19 ; nous souhaitions faire un point d\u2019\u00e9tape sur notre gestion et nos convictions.","og_url":"https:\/\/ginjer-am.com\/news\/webinaire-du-9-juillet-2024-le-jour-dapres-ou-serez-vous\/","og_site_name":"Ginjer","article_published_time":"2024-07-10T15:43:18+00:00","article_modified_time":"2024-07-15T15:48:37+00:00","og_image":[{"width":1150,"height":677,"url":"https:\/\/ginjer-am.com\/wp-content\/uploads\/2024\/07\/Couv_9072024.jpg","type":"image\/jpeg"}],"author":"Admin Ginjer","twitter_card":"summary_large_image","twitter_misc":{"Written by":"Admin Ginjer","Est. reading time":"1 minute"},"schema":{"@context":"https:\/\/schema.org","@graph":[{"@type":"Article","@id":"https:\/\/ginjer-am.com\/news\/webinaire-du-9-juillet-2024-le-jour-dapres-ou-serez-vous\/#article","isPartOf":{"@id":"https:\/\/ginjer-am.com\/news\/webinaire-du-9-juillet-2024-le-jour-dapres-ou-serez-vous\/"},"author":{"name":"Admin Ginjer","@id":"https:\/\/ginjer-am.com\/#\/schema\/person\/1ee2b9044ef8296acc9586918bf037c2"},"headline":"Webinaire du 9 juillet 2024 &#8211; Le jour d&#8217;apr\u00e8s : o\u00f9 serez-vous?","datePublished":"2024-07-10T15:43:18+00:00","dateModified":"2024-07-15T15:48:37+00:00","mainEntityOfPage":{"@id":"https:\/\/ginjer-am.com\/news\/webinaire-du-9-juillet-2024-le-jour-dapres-ou-serez-vous\/"},"wordCount":24,"image":{"@id":"https:\/\/ginjer-am.com\/news\/webinaire-du-9-juillet-2024-le-jour-dapres-ou-serez-vous\/#primaryimage"},"thumbnailUrl":"https:\/\/ginjer-am.com\/wp-content\/uploads\/2024\/07\/Couv_9072024.jpg","articleSection":["2024","News"],"inLanguage":"en-US"},{"@type":"WebPage","@id":"https:\/\/ginjer-am.com\/news\/webinaire-du-9-juillet-2024-le-jour-dapres-ou-serez-vous\/","url":"https:\/\/ginjer-am.com\/news\/webinaire-du-9-juillet-2024-le-jour-dapres-ou-serez-vous\/","name":"Webinaire du 9 juillet 2024 - Le jour d'apr\u00e8s : o\u00f9 serez-vous? - Ginjer","isPartOf":{"@id":"https:\/\/ginjer-am.com\/#website"},"primaryImageOfPage":{"@id":"https:\/\/ginjer-am.com\/news\/webinaire-du-9-juillet-2024-le-jour-dapres-ou-serez-vous\/#primaryimage"},"image":{"@id":"https:\/\/ginjer-am.com\/news\/webinaire-du-9-juillet-2024-le-jour-dapres-ou-serez-vous\/#primaryimage"},"thumbnailUrl":"https:\/\/ginjer-am.com\/wp-content\/uploads\/2024\/07\/Couv_9072024.jpg","datePublished":"2024-07-10T15:43:18+00:00","dateModified":"2024-07-15T15:48:37+00:00","author":{"@id":"https:\/\/ginjer-am.com\/#\/schema\/person\/1ee2b9044ef8296acc9586918bf037c2"},"description":"Avant des cong\u00e9s estivaux bien m\u00e9rit\u00e9s, nous souhaitions vous proposer une conf\u00e9rence Zoom pour vous donner le cap que nous suivons en ces temps troubl\u00e9s. Nous savons o\u00f9 nous serons le jour d\u2019apr\u00e8s, au m\u00eame endroit que le jour d\u2019avant : \u00e0 vos c\u00f4t\u00e9s. Au-del\u00e0 des discussions politiques qui alimentent le quotidien, comme ont pu le faire le Brexit, Trump ou encore la Covid-19 ; nous souhaitions faire un point d\u2019\u00e9tape sur notre gestion et nos convictions.","breadcrumb":{"@id":"https:\/\/ginjer-am.com\/news\/webinaire-du-9-juillet-2024-le-jour-dapres-ou-serez-vous\/#breadcrumb"},"inLanguage":"en-US","potentialAction":[{"@type":"ReadAction","target":["https:\/\/ginjer-am.com\/news\/webinaire-du-9-juillet-2024-le-jour-dapres-ou-serez-vous\/"]}]},{"@type":"ImageObject","inLanguage":"en-US","@id":"https:\/\/ginjer-am.com\/news\/webinaire-du-9-juillet-2024-le-jour-dapres-ou-serez-vous\/#primaryimage","url":"https:\/\/ginjer-am.com\/wp-content\/uploads\/2024\/07\/Couv_9072024.jpg","contentUrl":"https:\/\/ginjer-am.com\/wp-content\/uploads\/2024\/07\/Couv_9072024.jpg","width":1150,"height":677},{"@type":"BreadcrumbList","@id":"https:\/\/ginjer-am.com\/news\/webinaire-du-9-juillet-2024-le-jour-dapres-ou-serez-vous\/#breadcrumb","itemListElement":[{"@type":"ListItem","position":1,"name":"Accueil","item":"https:\/\/ginjer-am.com\/en\/"},{"@type":"ListItem","position":2,"name":"Webinaire du 9 juillet 2024 &#8211; Le jour d&rsquo;apr\u00e8s : o\u00f9 serez-vous?"}]},{"@type":"WebSite","@id":"https:\/\/ginjer-am.com\/#website","url":"https:\/\/ginjer-am.com\/","name":"Ginjer","description":"Un site utilisant WordPress","potentialAction":[{"@type":"SearchAction","target":{"@type":"EntryPoint","urlTemplate":"https:\/\/ginjer-am.com\/?s={search_term_string}"},"query-input":{"@type":"PropertyValueSpecification","valueRequired":true,"valueName":"search_term_string"}}],"inLanguage":"en-US"},{"@type":"Person","@id":"https:\/\/ginjer-am.com\/#\/schema\/person\/1ee2b9044ef8296acc9586918bf037c2","name":"Admin Ginjer","image":{"@type":"ImageObject","inLanguage":"en-US","@id":"https:\/\/secure.gravatar.com\/avatar\/9bfa7f9d833f37fb4fd5bf475f67f42c0de371b4b6feb25c9a1cd1e46fc25e52?s=96&d=mm&r=g","url":"https:\/\/secure.gravatar.com\/avatar\/9bfa7f9d833f37fb4fd5bf475f67f42c0de371b4b6feb25c9a1cd1e46fc25e52?s=96&d=mm&r=g","contentUrl":"https:\/\/secure.gravatar.com\/avatar\/9bfa7f9d833f37fb4fd5bf475f67f42c0de371b4b6feb25c9a1cd1e46fc25e52?s=96&d=mm&r=g","caption":"Admin Ginjer"},"url":"https:\/\/ginjer-am.com\/en\/author\/admin-ginjer\/"}]}},"_links":{"self":[{"href":"https:\/\/ginjer-am.com\/en\/wp-json\/wp\/v2\/posts\/9114","targetHints":{"allow":["GET"]}}],"collection":[{"href":"https:\/\/ginjer-am.com\/en\/wp-json\/wp\/v2\/posts"}],"about":[{"href":"https:\/\/ginjer-am.com\/en\/wp-json\/wp\/v2\/types\/post"}],"author":[{"embeddable":true,"href":"https:\/\/ginjer-am.com\/en\/wp-json\/wp\/v2\/users\/8"}],"replies":[{"embeddable":true,"href":"https:\/\/ginjer-am.com\/en\/wp-json\/wp\/v2\/comments?post=9114"}],"version-history":[{"count":1,"href":"https:\/\/ginjer-am.com\/en\/wp-json\/wp\/v2\/posts\/9114\/revisions"}],"predecessor-version":[{"id":9115,"href":"https:\/\/ginjer-am.com\/en\/wp-json\/wp\/v2\/posts\/9114\/revisions\/9115"}],"wp:featuredmedia":[{"embeddable":true,"href":"https:\/\/ginjer-am.com\/en\/wp-json\/wp\/v2\/media\/9116"}],"wp:attachment":[{"href":"https:\/\/ginjer-am.com\/en\/wp-json\/wp\/v2\/media?parent=9114"}],"wp:term":[{"taxonomy":"category","embeddable":true,"href":"https:\/\/ginjer-am.com\/en\/wp-json\/wp\/v2\/categories?post=9114"},{"taxonomy":"post_tag","embeddable":true,"href":"https:\/\/ginjer-am.com\/en\/wp-json\/wp\/v2\/tags?post=9114"}],"curies":[{"name":"wp","href":"https:\/\/api.w.org\/{rel}","templated":true}]}}